{"id":9200,"date":"2021-02-12T12:02:46","date_gmt":"2021-02-12T10:02:46","guid":{"rendered":"https:\/\/www.vulkanimplants.com\/?p=9200"},"modified":"2025-03-11T12:02:22","modified_gmt":"2025-03-11T10:02:22","slug":"elevacion-de-seno-con-osteotomia-y-carga-de-implante","status":"publish","type":"post","link":"https:\/\/www.vulkanimplants.com\/es\/elevacion-de-seno-con-osteotomia-y-carga-de-implante\/","title":{"rendered":"Elevaci\u00f3n de seno con osteotom\u00eda y carga de implante VK202114"},"content":{"rendered":"<div id=\"cs-content\" class=\"cs-content\"><div class=\"x-section e9200-e1 m73k-0\"><div class=\"x-row x-container max width e9200-e2 m73k-1 m73k-2 m73k-3\"><div class=\"x-row-inner\"><div class=\"x-col e9200-e3 m73k-5\"><a class=\"x-anchor x-anchor-button e9200-e4 m73k-7\" tabindex=\"0\" href=\"http:\/\/www.vulkanimplants.com\/casos-clinicos-vulkan-implants\/\"><div class=\"x-anchor-content\"><div class=\"x-anchor-text\"><span class=\"x-anchor-text-primary\">Volver<\/span><\/div><\/div><\/a><div class=\"x-text x-text-headline e9200-e5 m73k-8 m73k-9\"><div class=\"x-text-content\"><div class=\"x-text-content-text\"><h1 class=\"x-text-content-text-primary\"><h1 style=\"text-align: center;\">Vulkan\u00ae Internal Hex<\/h1><\/h1>\n<\/div><\/div><\/div><hr class=\"x-line e9200-e6 m73k-d\"\/><div class=\"x-text x-text-headline e9200-e7 m73k-9 m73k-a m73k-b\"><div class=\"x-text-content\"><div class=\"x-text-content-text\"><h1 class=\"x-text-content-text-primary\"><h2 style=\"text-align: center;\">Elevaci\u00f3n de seno con osteotom\u00eda y carga de implante<\/h2><\/h1>\n<\/div><\/div><\/div><div class=\"x-text x-text-headline e9200-e8 m73k-9 m73k-b m73k-c\"><div class=\"x-text-content\"><div class=\"x-text-content-text\"><h1 class=\"x-text-content-text-primary\"><h4 style=\"text-align: center;\">Dr. Samir Aboul-Hosn<\/h4><\/h1>\n<\/div><\/div><\/div><\/div><\/div><\/div><\/div><div class=\"x-section e9200-e9 m73k-0\"><div class=\"x-row x-container max width e9200-e10 m73k-1 m73k-2 m73k-4\"><div class=\"x-row-inner\"><div class=\"x-col e9200-e11 m73k-5 m73k-6\"><div class=\"x-bg\" aria-hidden=\"true\"><div class=\"x-bg-layer-lower-image\"><\/div><\/div><div class=\"x-grid e9200-e12 m73k-e\"><div class=\"x-cell e9200-e13 m73k-f\"><span class=\"x-image e9200-e14 m73k-g\"><img decoding=\"async\" src=\"https:\/\/www.vulkanimplants.com\/wp-content\/uploads\/2021\/02\/VALLEJO_SANCRISTAN_MARC_17072020_153808-scaled.jpg\" width=\"2560\" height=\"1321\" alt=\"Image\" loading=\"lazy\"><\/span><\/div><div class=\"x-cell e9200-e15 m73k-f\"><div class=\"x-image e9200-e16 m73k-g\"><img decoding=\"async\" src=\"https:\/\/www.vulkanimplants.com\/wp-content\/uploads\/2021\/02\/IMG_9853-scaled.jpg\" width=\"2560\" height=\"1707\" alt=\"Elevaci\u00f3n de seno con osteotom\u00eda y carga de implante\" loading=\"lazy\"><\/div><\/div><div class=\"x-cell e9200-e17 m73k-f\"><span class=\"x-image e9200-e18 m73k-g\"><img decoding=\"async\" src=\"https:\/\/www.vulkanimplants.com\/wp-content\/uploads\/2021\/02\/IMG_9852-scaled.jpg\" width=\"2560\" height=\"1707\" alt=\"Image\" loading=\"lazy\"><\/span><\/div><div class=\"x-cell e9200-e19 m73k-f\"><div class=\"x-image e9200-e20 m73k-g\"><img decoding=\"async\" src=\"https:\/\/www.vulkanimplants.com\/wp-content\/uploads\/2021\/02\/IMG_9854-scaled.jpg\" width=\"2560\" height=\"1707\" alt=\"Elevaci\u00f3n de seno con osteotom\u00eda y carga de implante\" loading=\"lazy\"><\/div><\/div><div class=\"x-cell e9200-e21 m73k-f\"><span class=\"x-image e9200-e22 m73k-g\"><img decoding=\"async\" src=\"https:\/\/www.vulkanimplants.com\/wp-content\/uploads\/2021\/02\/IMG_9859-scaled.jpg\" width=\"2560\" height=\"1707\" alt=\"Image\" loading=\"lazy\"><\/span><\/div><div class=\"x-cell e9200-e23 m73k-f\"><span class=\"x-image e9200-e24 m73k-g\"><img decoding=\"async\" src=\"https:\/\/www.vulkanimplants.com\/wp-content\/uploads\/2021\/02\/IMG_9858-scaled.jpg\" width=\"2560\" height=\"1707\" alt=\"Image\" loading=\"lazy\"><\/span><\/div><div class=\"x-cell e9200-e25 m73k-f\"><span class=\"x-image e9200-e26 m73k-g\"><img decoding=\"async\" src=\"https:\/\/www.vulkanimplants.com\/wp-content\/uploads\/2021\/02\/IMG_9857-scaled.jpg\" width=\"2560\" height=\"1707\" alt=\"Image\" loading=\"lazy\"><\/span><\/div><div class=\"x-cell e9200-e27 m73k-f\"><span class=\"x-image e9200-e28 m73k-g\"><img decoding=\"async\" src=\"https:\/\/www.vulkanimplants.com\/wp-content\/uploads\/2021\/02\/IMG_9858-1-scaled.jpg\" width=\"2560\" height=\"1707\" alt=\"Elevaci\u00f3n de seno con osteotom\u00eda y carga de implante\" loading=\"lazy\"><\/span><\/div><div class=\"x-cell e9200-e29 m73k-f\"><span class=\"x-image e9200-e30 m73k-g\"><img decoding=\"async\" src=\"https:\/\/www.vulkanimplants.com\/wp-content\/uploads\/2021\/02\/IMG_9859-1-scaled.jpg\" width=\"2560\" height=\"1707\" alt=\"Image\" loading=\"lazy\"><\/span><\/div><div class=\"x-cell e9200-e31 m73k-f\"><span class=\"x-image e9200-e32 m73k-g\"><img decoding=\"async\" src=\"https:\/\/www.vulkanimplants.com\/wp-content\/uploads\/2021\/02\/VALLEJO_SANCRISTAN_MARC_22122020_151628.jpg\" width=\"648\" height=\"514\" alt=\"Elevaci\u00f3n de seno con osteotom\u00eda y carga de implante\" loading=\"lazy\"><\/span><\/div><div class=\"x-cell e9200-e33 m73k-f\"><span class=\"x-image e9200-e34 m73k-g\"><img decoding=\"async\" src=\"https:\/\/www.vulkanimplants.com\/wp-content\/uploads\/2021\/02\/VALLEJO_SANCRISTAN_MARC_23112020_161813-scaled.jpg\" width=\"2560\" height=\"1321\" alt=\"Image\" loading=\"lazy\"><\/span><\/div><div class=\"x-cell e9200-e35 m73k-f\"><span class=\"x-image e9200-e36 m73k-g\"><img decoding=\"async\" src=\"https:\/\/www.vulkanimplants.com\/wp-content\/uploads\/2021\/02\/image1-1-scaled.jpeg\" width=\"1920\" height=\"2560\" alt=\"Elevaci\u00f3n de seno con osteotom\u00eda y carga de implante\" loading=\"lazy\"><\/span><\/div><div class=\"x-cell e9200-e37 m73k-f\"><span class=\"x-image e9200-e38 m73k-g\"><img decoding=\"async\" src=\"https:\/\/www.vulkanimplants.com\/wp-content\/uploads\/2021\/02\/image2-1-scaled.jpeg\" width=\"1920\" height=\"2560\" alt=\"Image\" loading=\"lazy\"><\/span><\/div><div class=\"x-cell e9200-e39 m73k-f\"><span class=\"x-image e9200-e40 m73k-g\"><img decoding=\"async\" src=\"https:\/\/www.vulkanimplants.com\/wp-content\/uploads\/2021\/02\/image3-1-scaled.jpeg\" width=\"1920\" height=\"2560\" alt=\"Image\" loading=\"lazy\"><\/span><\/div><div class=\"x-cell e9200-e41 m73k-f\"><span class=\"x-image e9200-e42 m73k-g\"><img decoding=\"async\" src=\"https:\/\/www.vulkanimplants.com\/wp-content\/uploads\/2021\/02\/image5-1-scaled.jpeg\" width=\"1920\" height=\"2560\" alt=\"Image\" loading=\"lazy\"><\/span><\/div><div class=\"x-cell e9200-e43 m73k-f\"><span class=\"x-image e9200-e44 m73k-g\"><img decoding=\"async\" src=\"https:\/\/www.vulkanimplants.com\/wp-content\/uploads\/2021\/02\/image5-1-scaled.jpeg\" width=\"1920\" height=\"2560\" alt=\"Image\" loading=\"lazy\"><\/span><\/div><div class=\"x-cell e9200-e45 m73k-f\"><span class=\"x-image e9200-e46 m73k-g\"><img decoding=\"async\" src=\"https:\/\/www.vulkanimplants.com\/wp-content\/uploads\/2021\/02\/image6-scaled.jpeg\" width=\"2560\" height=\"1920\" alt=\"Image\" loading=\"lazy\"><\/span><\/div><\/div><\/div><div class=\"x-col e9200-e47 m73k-5\"><div class=\"x-text x-text-headline e9200-e48 m73k-9 m73k-b m73k-c\"><div class=\"x-text-content\"><div class=\"x-text-content-text\"><h1 class=\"x-text-content-text-primary\"><h4><strong>Abstract<\/strong><\/h4><\/h1>\n<\/div><\/div><\/div><div class=\"x-text x-content e9200-e49 m73k-h\"><p>Paciente var\u00f3n de 38 a\u00f1os sin antecedentes m\u00e9dicos de inter\u00e9s, con edentulismo en 24 y 26.  Se decide elevaci\u00f3n de seno con osteotom\u00eda e implante en 24 (estabilidad ISQ: 67) y 26 (estabilidad ISQ: 65).\nControl postoperatorio a los 3 meses con control radiogr\u00e1fico bien. Se decide carga de los implantes a los 4 meses.\n<\/p>\n<p><\/p>\n<p><\/p>\n<p><\/p><\/div><\/div><\/div><\/div><\/div><\/div>\n","protected":false},"excerpt":{"rendered":"<p>Elevaci\u00f3n de seno con osteotom\u00eda y carga de implante dental Dr. Samir Aboul-Hosn<\/p>\n","protected":false},"author":1,"featured_media":9124,"comment_status":"closed","ping_status":"open","sticky":false,"template":"..\/public\/views\/revslider-page-template.php","format":"standard","meta":{"rs_blank_template":"","rs_page_bg_color":"","slide_template_v7":"","footnotes":""},"categories":[264,265,267,261],"tags":[277],"class_list":["post-9200","post","type-post","status-publish","format-standard","has-post-thumbnail","hentry","category-carga_inmediata","category-tecnica-de-la-salchicha-y-carga-de-dos-implantes-explicada-por-el-dr-octavi-ortiz","category-dr-samir_aboul-hosn","category-vulkan_internal_hex","tag-clinical-case"],"yoast_head":"<!-- This site is optimized with the Yoast SEO plugin v27.5 - https:\/\/yoast.com\/product\/yoast-seo-wordpress\/ -->\n<title>Elevaci\u00f3n de seno con osteotom\u00eda y carga de implante dental<\/title>\n<meta name=\"description\" content=\"Caso Cl\u00ednico llevado a cabo por el Dr. Samir Aboul-Hosn, con levaci\u00f3n de seno con osteotom\u00eda y carga de implante con Vulkan\u00ae Implants.\" \/>\n<meta name=\"robots\" content=\"index, follow, max-snippet:-1, max-image-preview:large, max-video-preview:-1\" \/>\n<link rel=\"canonical\" href=\"https:\/\/www.vulkanimplants.com\/es\/elevacion-de-seno-con-osteotomia-y-carga-de-implante-vk202114\/\" \/>\n<meta property=\"og:locale\" content=\"es_ES\" \/>\n<meta property=\"og:type\" content=\"article\" \/>\n<meta property=\"og:title\" content=\"Elevaci\u00f3n de seno con osteotom\u00eda y carga de implante dental\" \/>\n<meta property=\"og:description\" content=\"Caso Cl\u00ednico llevado a cabo por el Dr. Samir Aboul-Hosn, con levaci\u00f3n de seno con osteotom\u00eda y carga de implante con Vulkan\u00ae Implants.\" \/>\n<meta property=\"og:url\" content=\"https:\/\/www.vulkanimplants.com\/es\/elevacion-de-seno-con-osteotomia-y-carga-de-implante-vk202114\/\" \/>\n<meta property=\"og:site_name\" content=\"Vulkan Implants\" \/>\n<meta property=\"article:publisher\" content=\"https:\/\/www.facebook.com\/VulkanImplant\/\" \/>\n<meta property=\"article:published_time\" content=\"2021-02-12T10:02:46+00:00\" \/>\n<meta property=\"article:modified_time\" content=\"2025-03-11T10:02:22+00:00\" \/>\n<meta property=\"og:image\" content=\"https:\/\/www.vulkanimplants.com\/wp-content\/uploads\/2021\/02\/Portada-Web-VK202114.jpg\" \/>\n\t<meta property=\"og:image:width\" content=\"494\" \/>\n\t<meta property=\"og:image:height\" content=\"366\" \/>\n\t<meta property=\"og:image:type\" content=\"image\/jpeg\" \/>\n<meta name=\"author\" content=\"Sergi\" \/>\n<meta name=\"twitter:card\" content=\"summary_large_image\" \/>\n<meta name=\"twitter:label1\" content=\"Escrito por\" \/>\n\t<meta name=\"twitter:data1\" content=\"Sergi\" \/>\n\t<meta name=\"twitter:label2\" content=\"Tiempo de lectura\" \/>\n\t<meta name=\"twitter:data2\" content=\"2 minutos\" \/>\n<script type=\"application\/ld+json\" class=\"yoast-schema-graph\">{\"@context\":\"https:\\\/\\\/schema.org\",\"@graph\":[{\"@type\":\"Article\",\"@id\":\"https:\\\/\\\/www.vulkanimplants.com\\\/en\\\/elevacion-de-seno-con-osteotomia-y-carga-de-implante-vk202114\\\/#article\",\"isPartOf\":{\"@id\":\"https:\\\/\\\/www.vulkanimplants.com\\\/elevacion-de-seno-con-osteotomia-y-carga-de-implante\\\/\"},\"author\":{\"name\":\"Sergi\",\"@id\":\"https:\\\/\\\/www.vulkanimplants.com\\\/#\\\/schema\\\/person\\\/1de840b32d1a30e4b183bedb7ee8d3b6\"},\"headline\":\"Elevaci\u00f3n de seno con osteotom\u00eda y carga de implante VK202114\",\"datePublished\":\"2021-02-12T10:02:46+00:00\",\"dateModified\":\"2025-03-11T10:02:22+00:00\",\"mainEntityOfPage\":{\"@id\":\"https:\\\/\\\/www.vulkanimplants.com\\\/elevacion-de-seno-con-osteotomia-y-carga-de-implante\\\/\"},\"wordCount\":456,\"publisher\":{\"@id\":\"https:\\\/\\\/www.vulkanimplants.com\\\/#organization\"},\"image\":{\"@id\":\"https:\\\/\\\/www.vulkanimplants.com\\\/en\\\/elevacion-de-seno-con-osteotomia-y-carga-de-implante-vk202114\\\/#primaryimage\"},\"thumbnailUrl\":\"https:\\\/\\\/www.vulkanimplants.com\\\/wp-content\\\/uploads\\\/2021\\\/02\\\/Portada-Web-VK202114.jpg\",\"keywords\":[\"Clinical Case\"],\"articleSection\":[\"Carga Inmediata\",\"Dr. Octavi Ortiz\",\"Dr. Samir Aboul-Hosn\",\"Vulkan\u00ae Internal Hex\"],\"inLanguage\":\"es\"},{\"@type\":\"WebPage\",\"@id\":\"https:\\\/\\\/www.vulkanimplants.com\\\/elevacion-de-seno-con-osteotomia-y-carga-de-implante\\\/\",\"url\":\"https:\\\/\\\/www.vulkanimplants.com\\\/en\\\/elevacion-de-seno-con-osteotomia-y-carga-de-implante-vk202114\\\/\",\"name\":\"Elevaci\u00f3n de seno con osteotom\u00eda y carga de implante dental\",\"isPartOf\":{\"@id\":\"https:\\\/\\\/www.vulkanimplants.com\\\/#website\"},\"primaryImageOfPage\":{\"@id\":\"https:\\\/\\\/www.vulkanimplants.com\\\/en\\\/elevacion-de-seno-con-osteotomia-y-carga-de-implante-vk202114\\\/#primaryimage\"},\"image\":{\"@id\":\"https:\\\/\\\/www.vulkanimplants.com\\\/en\\\/elevacion-de-seno-con-osteotomia-y-carga-de-implante-vk202114\\\/#primaryimage\"},\"thumbnailUrl\":\"https:\\\/\\\/www.vulkanimplants.com\\\/wp-content\\\/uploads\\\/2021\\\/02\\\/Portada-Web-VK202114.jpg\",\"datePublished\":\"2021-02-12T10:02:46+00:00\",\"dateModified\":\"2025-03-11T10:02:22+00:00\",\"description\":\"Caso Cl\u00ednico llevado a cabo por el Dr. Samir Aboul-Hosn, con levaci\u00f3n de seno con osteotom\u00eda y carga de implante con Vulkan\u00ae Implants.\",\"breadcrumb\":{\"@id\":\"https:\\\/\\\/www.vulkanimplants.com\\\/en\\\/elevacion-de-seno-con-osteotomia-y-carga-de-implante-vk202114\\\/#breadcrumb\"},\"inLanguage\":\"es\",\"potentialAction\":[{\"@type\":\"ReadAction\",\"target\":[\"https:\\\/\\\/www.vulkanimplants.com\\\/en\\\/elevacion-de-seno-con-osteotomia-y-carga-de-implante-vk202114\\\/\"]}]},{\"@type\":\"ImageObject\",\"inLanguage\":\"es\",\"@id\":\"https:\\\/\\\/www.vulkanimplants.com\\\/en\\\/elevacion-de-seno-con-osteotomia-y-carga-de-implante-vk202114\\\/#primaryimage\",\"url\":\"https:\\\/\\\/www.vulkanimplants.com\\\/wp-content\\\/uploads\\\/2021\\\/02\\\/Portada-Web-VK202114.jpg\",\"contentUrl\":\"https:\\\/\\\/www.vulkanimplants.com\\\/wp-content\\\/uploads\\\/2021\\\/02\\\/Portada-Web-VK202114.jpg\",\"width\":494,\"height\":366},{\"@type\":\"BreadcrumbList\",\"@id\":\"https:\\\/\\\/www.vulkanimplants.com\\\/en\\\/elevacion-de-seno-con-osteotomia-y-carga-de-implante-vk202114\\\/#breadcrumb\",\"itemListElement\":[{\"@type\":\"ListItem\",\"position\":1,\"name\":\"Inici\",\"item\":\"https:\\\/\\\/www.vulkanimplants.com\\\/\"},{\"@type\":\"ListItem\",\"position\":2,\"name\":\"Elevaci\u00f3n de seno con osteotom\u00eda y carga de implante VK202114\"}]},{\"@type\":\"WebSite\",\"@id\":\"https:\\\/\\\/www.vulkanimplants.com\\\/#website\",\"url\":\"https:\\\/\\\/www.vulkanimplants.com\\\/\",\"name\":\"https:\\\/\\\/www.vulkanimplants.com\\\/\",\"description\":\"Vulkan Implants - High quality dental implants brand and guided surgery platform\",\"publisher\":{\"@id\":\"https:\\\/\\\/www.vulkanimplants.com\\\/#organization\"},\"alternateName\":\"Vulkan Implants\",\"potentialAction\":[{\"@type\":\"SearchAction\",\"target\":{\"@type\":\"EntryPoint\",\"urlTemplate\":\"https:\\\/\\\/www.vulkanimplants.com\\\/?s={search_term_string}\"},\"query-input\":{\"@type\":\"PropertyValueSpecification\",\"valueRequired\":true,\"valueName\":\"search_term_string\"}}],\"inLanguage\":\"es\"},{\"@type\":\"Organization\",\"@id\":\"https:\\\/\\\/www.vulkanimplants.com\\\/#organization\",\"name\":\"Vulkan Implants\",\"alternateName\":\"Vulkan\",\"url\":\"https:\\\/\\\/www.vulkanimplants.com\\\/\",\"logo\":{\"@type\":\"ImageObject\",\"inLanguage\":\"es\",\"@id\":\"https:\\\/\\\/www.vulkanimplants.com\\\/#\\\/schema\\\/logo\\\/image\\\/\",\"url\":\"https:\\\/\\\/www.vulkanimplants.com\\\/wp-content\\\/uploads\\\/2023\\\/12\\\/Vulkan-Implants-Logo-White-Orange-only-logo.png\",\"contentUrl\":\"https:\\\/\\\/www.vulkanimplants.com\\\/wp-content\\\/uploads\\\/2023\\\/12\\\/Vulkan-Implants-Logo-White-Orange-only-logo.png\",\"width\":369,\"height\":277,\"caption\":\"Vulkan Implants\"},\"image\":{\"@id\":\"https:\\\/\\\/www.vulkanimplants.com\\\/#\\\/schema\\\/logo\\\/image\\\/\"},\"sameAs\":[\"https:\\\/\\\/www.facebook.com\\\/VulkanImplant\\\/\",\"https:\\\/\\\/www.instagram.com\\\/vulkan_implants\\\/\"]},{\"@type\":\"Person\",\"@id\":\"https:\\\/\\\/www.vulkanimplants.com\\\/#\\\/schema\\\/person\\\/1de840b32d1a30e4b183bedb7ee8d3b6\",\"name\":\"Sergi\",\"image\":{\"@type\":\"ImageObject\",\"inLanguage\":\"es\",\"@id\":\"https:\\\/\\\/secure.gravatar.com\\\/avatar\\\/78459bce4cb1e11ce13c584aa4eab950b73957cf871a960a43fa4261e56858b2?s=96&d=mm&r=g\",\"url\":\"https:\\\/\\\/secure.gravatar.com\\\/avatar\\\/78459bce4cb1e11ce13c584aa4eab950b73957cf871a960a43fa4261e56858b2?s=96&d=mm&r=g\",\"contentUrl\":\"https:\\\/\\\/secure.gravatar.com\\\/avatar\\\/78459bce4cb1e11ce13c584aa4eab950b73957cf871a960a43fa4261e56858b2?s=96&d=mm&r=g\",\"caption\":\"Sergi\"},\"url\":\"https:\\\/\\\/www.vulkanimplants.com\\\/es\\\/author\\\/administradorweb\\\/\"}]}<\/script>\n<!-- \/ Yoast SEO plugin. -->","yoast_head_json":{"title":"Elevaci\u00f3n de seno con osteotom\u00eda y carga de implante dental","description":"Caso Cl\u00ednico llevado a cabo por el Dr. Samir Aboul-Hosn, con levaci\u00f3n de seno con osteotom\u00eda y carga de implante con Vulkan\u00ae Implants.","robots":{"index":"index","follow":"follow","max-snippet":"max-snippet:-1","max-image-preview":"max-image-preview:large","max-video-preview":"max-video-preview:-1"},"canonical":"https:\/\/www.vulkanimplants.com\/es\/elevacion-de-seno-con-osteotomia-y-carga-de-implante-vk202114\/","og_locale":"es_ES","og_type":"article","og_title":"Elevaci\u00f3n de seno con osteotom\u00eda y carga de implante dental","og_description":"Caso Cl\u00ednico llevado a cabo por el Dr. Samir Aboul-Hosn, con levaci\u00f3n de seno con osteotom\u00eda y carga de implante con Vulkan\u00ae Implants.","og_url":"https:\/\/www.vulkanimplants.com\/es\/elevacion-de-seno-con-osteotomia-y-carga-de-implante-vk202114\/","og_site_name":"Vulkan Implants","article_publisher":"https:\/\/www.facebook.com\/VulkanImplant\/","article_published_time":"2021-02-12T10:02:46+00:00","article_modified_time":"2025-03-11T10:02:22+00:00","og_image":[{"width":494,"height":366,"url":"https:\/\/www.vulkanimplants.com\/wp-content\/uploads\/2021\/02\/Portada-Web-VK202114.jpg","type":"image\/jpeg"}],"author":"Sergi","twitter_card":"summary_large_image","twitter_misc":{"Escrito por":"Sergi","Tiempo de lectura":"2 minutos"},"schema":{"@context":"https:\/\/schema.org","@graph":[{"@type":"Article","@id":"https:\/\/www.vulkanimplants.com\/en\/elevacion-de-seno-con-osteotomia-y-carga-de-implante-vk202114\/#article","isPartOf":{"@id":"https:\/\/www.vulkanimplants.com\/elevacion-de-seno-con-osteotomia-y-carga-de-implante\/"},"author":{"name":"Sergi","@id":"https:\/\/www.vulkanimplants.com\/#\/schema\/person\/1de840b32d1a30e4b183bedb7ee8d3b6"},"headline":"Elevaci\u00f3n de seno con osteotom\u00eda y carga de implante VK202114","datePublished":"2021-02-12T10:02:46+00:00","dateModified":"2025-03-11T10:02:22+00:00","mainEntityOfPage":{"@id":"https:\/\/www.vulkanimplants.com\/elevacion-de-seno-con-osteotomia-y-carga-de-implante\/"},"wordCount":456,"publisher":{"@id":"https:\/\/www.vulkanimplants.com\/#organization"},"image":{"@id":"https:\/\/www.vulkanimplants.com\/en\/elevacion-de-seno-con-osteotomia-y-carga-de-implante-vk202114\/#primaryimage"},"thumbnailUrl":"https:\/\/www.vulkanimplants.com\/wp-content\/uploads\/2021\/02\/Portada-Web-VK202114.jpg","keywords":["Clinical Case"],"articleSection":["Carga Inmediata","Dr. Octavi Ortiz","Dr. Samir Aboul-Hosn","Vulkan\u00ae Internal Hex"],"inLanguage":"es"},{"@type":"WebPage","@id":"https:\/\/www.vulkanimplants.com\/elevacion-de-seno-con-osteotomia-y-carga-de-implante\/","url":"https:\/\/www.vulkanimplants.com\/en\/elevacion-de-seno-con-osteotomia-y-carga-de-implante-vk202114\/","name":"Elevaci\u00f3n de seno con osteotom\u00eda y carga de implante dental","isPartOf":{"@id":"https:\/\/www.vulkanimplants.com\/#website"},"primaryImageOfPage":{"@id":"https:\/\/www.vulkanimplants.com\/en\/elevacion-de-seno-con-osteotomia-y-carga-de-implante-vk202114\/#primaryimage"},"image":{"@id":"https:\/\/www.vulkanimplants.com\/en\/elevacion-de-seno-con-osteotomia-y-carga-de-implante-vk202114\/#primaryimage"},"thumbnailUrl":"https:\/\/www.vulkanimplants.com\/wp-content\/uploads\/2021\/02\/Portada-Web-VK202114.jpg","datePublished":"2021-02-12T10:02:46+00:00","dateModified":"2025-03-11T10:02:22+00:00","description":"Caso Cl\u00ednico llevado a cabo por el Dr. Samir Aboul-Hosn, con levaci\u00f3n de seno con osteotom\u00eda y carga de implante con Vulkan\u00ae Implants.","breadcrumb":{"@id":"https:\/\/www.vulkanimplants.com\/en\/elevacion-de-seno-con-osteotomia-y-carga-de-implante-vk202114\/#breadcrumb"},"inLanguage":"es","potentialAction":[{"@type":"ReadAction","target":["https:\/\/www.vulkanimplants.com\/en\/elevacion-de-seno-con-osteotomia-y-carga-de-implante-vk202114\/"]}]},{"@type":"ImageObject","inLanguage":"es","@id":"https:\/\/www.vulkanimplants.com\/en\/elevacion-de-seno-con-osteotomia-y-carga-de-implante-vk202114\/#primaryimage","url":"https:\/\/www.vulkanimplants.com\/wp-content\/uploads\/2021\/02\/Portada-Web-VK202114.jpg","contentUrl":"https:\/\/www.vulkanimplants.com\/wp-content\/uploads\/2021\/02\/Portada-Web-VK202114.jpg","width":494,"height":366},{"@type":"BreadcrumbList","@id":"https:\/\/www.vulkanimplants.com\/en\/elevacion-de-seno-con-osteotomia-y-carga-de-implante-vk202114\/#breadcrumb","itemListElement":[{"@type":"ListItem","position":1,"name":"Inici","item":"https:\/\/www.vulkanimplants.com\/"},{"@type":"ListItem","position":2,"name":"Elevaci\u00f3n de seno con osteotom\u00eda y carga de implante VK202114"}]},{"@type":"WebSite","@id":"https:\/\/www.vulkanimplants.com\/#website","url":"https:\/\/www.vulkanimplants.com\/","name":"https:\/\/www.vulkanimplants.com\/","description":"Vulkan Implants - High quality dental implants brand and guided surgery platform","publisher":{"@id":"https:\/\/www.vulkanimplants.com\/#organization"},"alternateName":"Vulkan Implants","potentialAction":[{"@type":"SearchAction","target":{"@type":"EntryPoint","urlTemplate":"https:\/\/www.vulkanimplants.com\/?s={search_term_string}"},"query-input":{"@type":"PropertyValueSpecification","valueRequired":true,"valueName":"search_term_string"}}],"inLanguage":"es"},{"@type":"Organization","@id":"https:\/\/www.vulkanimplants.com\/#organization","name":"Vulkan Implants","alternateName":"Vulkan","url":"https:\/\/www.vulkanimplants.com\/","logo":{"@type":"ImageObject","inLanguage":"es","@id":"https:\/\/www.vulkanimplants.com\/#\/schema\/logo\/image\/","url":"https:\/\/www.vulkanimplants.com\/wp-content\/uploads\/2023\/12\/Vulkan-Implants-Logo-White-Orange-only-logo.png","contentUrl":"https:\/\/www.vulkanimplants.com\/wp-content\/uploads\/2023\/12\/Vulkan-Implants-Logo-White-Orange-only-logo.png","width":369,"height":277,"caption":"Vulkan Implants"},"image":{"@id":"https:\/\/www.vulkanimplants.com\/#\/schema\/logo\/image\/"},"sameAs":["https:\/\/www.facebook.com\/VulkanImplant\/","https:\/\/www.instagram.com\/vulkan_implants\/"]},{"@type":"Person","@id":"https:\/\/www.vulkanimplants.com\/#\/schema\/person\/1de840b32d1a30e4b183bedb7ee8d3b6","name":"Sergi","image":{"@type":"ImageObject","inLanguage":"es","@id":"https:\/\/secure.gravatar.com\/avatar\/78459bce4cb1e11ce13c584aa4eab950b73957cf871a960a43fa4261e56858b2?s=96&d=mm&r=g","url":"https:\/\/secure.gravatar.com\/avatar\/78459bce4cb1e11ce13c584aa4eab950b73957cf871a960a43fa4261e56858b2?s=96&d=mm&r=g","contentUrl":"https:\/\/secure.gravatar.com\/avatar\/78459bce4cb1e11ce13c584aa4eab950b73957cf871a960a43fa4261e56858b2?s=96&d=mm&r=g","caption":"Sergi"},"url":"https:\/\/www.vulkanimplants.com\/es\/author\/administradorweb\/"}]}},"_links":{"self":[{"href":"https:\/\/www.vulkanimplants.com\/es\/wp-json\/wp\/v2\/posts\/9200","targetHints":{"allow":["GET"]}}],"collection":[{"href":"https:\/\/www.vulkanimplants.com\/es\/wp-json\/wp\/v2\/posts"}],"about":[{"href":"https:\/\/www.vulkanimplants.com\/es\/wp-json\/wp\/v2\/types\/post"}],"author":[{"embeddable":true,"href":"https:\/\/www.vulkanimplants.com\/es\/wp-json\/wp\/v2\/users\/1"}],"replies":[{"embeddable":true,"href":"https:\/\/www.vulkanimplants.com\/es\/wp-json\/wp\/v2\/comments?post=9200"}],"version-history":[{"count":6,"href":"https:\/\/www.vulkanimplants.com\/es\/wp-json\/wp\/v2\/posts\/9200\/revisions"}],"predecessor-version":[{"id":16477,"href":"https:\/\/www.vulkanimplants.com\/es\/wp-json\/wp\/v2\/posts\/9200\/revisions\/16477"}],"wp:featuredmedia":[{"embeddable":true,"href":"https:\/\/www.vulkanimplants.com\/es\/wp-json\/wp\/v2\/media\/9124"}],"wp:attachment":[{"href":"https:\/\/www.vulkanimplants.com\/es\/wp-json\/wp\/v2\/media?parent=9200"}],"wp:term":[{"taxonomy":"category","embeddable":true,"href":"https:\/\/www.vulkanimplants.com\/es\/wp-json\/wp\/v2\/categories?post=9200"},{"taxonomy":"post_tag","embeddable":true,"href":"https:\/\/www.vulkanimplants.com\/es\/wp-json\/wp\/v2\/tags?post=9200"}],"curies":[{"name":"wp","href":"https:\/\/api.w.org\/{rel}","templated":true}]}}