{"id":9176,"date":"2021-02-12T10:56:53","date_gmt":"2021-02-12T08:56:53","guid":{"rendered":"https:\/\/www.vulkanimplants.com\/?p=9176"},"modified":"2025-03-11T11:58:38","modified_gmt":"2025-03-11T09:58:38","slug":"implante-inmediato-incisivo-central-molar-inferior-derecho","status":"publish","type":"post","link":"https:\/\/www.vulkanimplants.com\/en\/implante-inmediato-incisivo-central-molar-inferior-derecho\/","title":{"rendered":"Implante Inmediato post exodoncia en incisivo central inferior y en molar inferior derecho VK202111"},"content":{"rendered":"<div id=\"cs-content\" class=\"cs-content\"><div class=\"x-section e9176-e1 m72w-0\"><div class=\"x-row x-container max width e9176-e2 m72w-1 m72w-2 m72w-3\"><div class=\"x-row-inner\"><div class=\"x-col e9176-e3 m72w-5\"><a class=\"x-anchor x-anchor-button e9176-e4 m72w-7\" tabindex=\"0\" href=\"http:\/\/www.vulkanimplants.com\/en\/casos-clinicos-vulkan-implants\/\"><div class=\"x-anchor-content\"><div class=\"x-anchor-text\"><span class=\"x-anchor-text-primary\">Volver<\/span><\/div><\/div><\/a><div class=\"x-text x-text-headline e9176-e5 m72w-8 m72w-9\"><div class=\"x-text-content\"><div class=\"x-text-content-text\"><h1 class=\"x-text-content-text-primary\"><h1 style=\"text-align: center;\">Vulkan\u00ae Internal Hex<\/h1><\/h1>\n<\/div><\/div><\/div><hr class=\"x-line e9176-e6 m72w-d\"\/><div class=\"x-text x-text-headline e9176-e7 m72w-9 m72w-a m72w-b\"><div class=\"x-text-content\"><div class=\"x-text-content-text\"><h1 class=\"x-text-content-text-primary\"><h2 style=\"text-align: center;\">Implante Inmediato postexodoncia en incisivo central inferior y en molar inferior derecho<\/h2><\/h1>\n<\/div><\/div><\/div><div class=\"x-text x-text-headline e9176-e8 m72w-9 m72w-b m72w-c\"><div class=\"x-text-content\"><div class=\"x-text-content-text\"><h1 class=\"x-text-content-text-primary\"><h4 style=\"text-align: center;\">Dr. Samir Aboul-Hosn<\/h4><\/h1>\n<\/div><\/div><\/div><\/div><\/div><\/div><\/div><div class=\"x-section e9176-e9 m72w-0\"><div class=\"x-row x-container max width e9176-e10 m72w-1 m72w-2 m72w-4\"><div class=\"x-row-inner\"><div class=\"x-col e9176-e11 m72w-5 m72w-6\"><div class=\"x-bg\" aria-hidden=\"true\"><div class=\"x-bg-layer-lower-image\"><\/div><\/div><div class=\"x-grid e9176-e12 m72w-e\"><div class=\"x-cell e9176-e13 m72w-f\"><span class=\"x-image e9176-e14 m72w-g\"><img decoding=\"async\" src=\"https:\/\/www.vulkanimplants.com\/wp-content\/uploads\/2021\/02\/MORERA_JIMENEZ_JORDI_08072019_155557-scaled.jpg\" width=\"2560\" height=\"1321\" alt=\"Image\" loading=\"lazy\"><\/span><\/div><div class=\"x-cell e9176-e15 m72w-f\"><span class=\"x-image e9176-e16 m72w-g\"><img decoding=\"async\" src=\"https:\/\/www.vulkanimplants.com\/wp-content\/uploads\/2021\/02\/IMG_0093-scaled.jpg\" width=\"1280\" height=\"853\" alt=\"Implante inmediato postexodoncia\" loading=\"lazy\"><\/span><\/div><div class=\"x-cell e9176-e17 m72w-f\"><span class=\"x-image e9176-e18 m72w-g\"><img decoding=\"async\" src=\"https:\/\/www.vulkanimplants.com\/wp-content\/uploads\/2021\/02\/IMG_0096-scaled.jpg\" width=\"2560\" height=\"1707\" alt=\"Image\" loading=\"lazy\"><\/span><\/div><div class=\"x-cell e9176-e19 m72w-f\"><div class=\"x-image e9176-e20 m72w-g\"><img decoding=\"async\" src=\"https:\/\/www.vulkanimplants.com\/wp-content\/uploads\/2021\/02\/IMG_8505-scaled.jpg\" width=\"2560\" height=\"1707\" alt=\"https:\/\/www.vulkanimplants.com\/wp-content\/uploads\/2021\/02\/Portada-Web-VK202111.jpgImplante inmediato postexodoncia\" loading=\"lazy\"><\/div><\/div><div class=\"x-cell e9176-e21 m72w-f\"><span class=\"x-image e9176-e22 m72w-g\"><img decoding=\"async\" src=\"https:\/\/www.vulkanimplants.com\/wp-content\/uploads\/2021\/02\/IMG_8504-scaled.jpg\" width=\"2560\" height=\"1707\" alt=\"implante inmdiato postexodoncia en incisivo\" loading=\"lazy\"><\/span><\/div><div class=\"x-cell e9176-e23 m72w-f\"><span class=\"x-image e9176-e24 m72w-g\"><img decoding=\"async\" src=\"https:\/\/www.vulkanimplants.com\/wp-content\/uploads\/2021\/02\/IMG_0091-scaled.jpg\" width=\"2560\" height=\"1707\" alt=\"implante inmdiato postexodoncia en incisivo\" loading=\"lazy\"><\/span><\/div><div class=\"x-cell e9176-e25 m72w-f\"><span class=\"x-image e9176-e26 m72w-g\"><img decoding=\"async\" src=\"https:\/\/www.vulkanimplants.com\/wp-content\/uploads\/2021\/02\/IMG_8499-scaled.jpg\" width=\"1280\" height=\"853\" alt=\"implante inmdiato postexodoncia en incisivo\" loading=\"lazy\"><\/span><\/div><div class=\"x-cell e9176-e27 m72w-f\"><span class=\"x-image e9176-e28 m72w-g\"><img decoding=\"async\" src=\"https:\/\/www.vulkanimplants.com\/wp-content\/uploads\/2021\/02\/IMG_8500-scaled.jpg\" width=\"1280\" height=\"853\" alt=\"Image\" loading=\"lazy\"><\/span><\/div><div class=\"x-cell e9176-e29 m72w-f\"><span class=\"x-image e9176-e30 m72w-g\"><img decoding=\"async\" src=\"https:\/\/www.vulkanimplants.com\/wp-content\/uploads\/2021\/02\/IMG_0091-1-scaled.jpg\" width=\"1280\" height=\"853\" alt=\"implante inmdiato postexodoncia en incisivo\" loading=\"lazy\"><\/span><\/div><div class=\"x-cell e9176-e31 m72w-f\"><span class=\"x-image e9176-e32 m72w-g\"><img decoding=\"async\" src=\"https:\/\/www.vulkanimplants.com\/wp-content\/uploads\/2021\/02\/MORERA_JIMENEZ_JORDI_07102019_192358-scaled.jpg\" width=\"1280\" height=\"660\" alt=\"implante inmdiato postexodoncia en incisivo\" loading=\"lazy\"><\/span><\/div><\/div><\/div><div class=\"x-col e9176-e33 m72w-5\"><div class=\"x-text x-text-headline e9176-e34 m72w-9 m72w-b m72w-c\"><div class=\"x-text-content\"><div class=\"x-text-content-text\"><h1 class=\"x-text-content-text-primary\"><h4><strong>Abstract<\/strong><\/h4><\/h1>\n<\/div><\/div><\/div><div class=\"x-text x-content e9176-e35 m72w-h\"><p>Paciente var\u00f3n de 54 a\u00f1os sin antecedentes m\u00e9dicos de inter\u00e9s. Acude a nuestra consulta por edentulismo en 47 y fractura en 25. Se decide exodoncia e implante inmediato en 25 e implante en 47.\nRealizamos ortopantomograf\u00eda de control a los 2 meses y carga de los dos implantes Vulkan Internal Hex a los tres meses. Actualmente a acudido al primer control 6 meses postcarga. Correcta evoluci\u00f3n sin signos de perimplantitis y buen h\u00e1bito higi\u00e9nico.\n<\/p>\n<p><\/p>\n<p><\/p>\n<p><\/p><\/div><\/div><\/div><\/div><\/div><\/div>","protected":false},"excerpt":{"rendered":"<p>Dr. Samir Aboul-Hosn<\/p>","protected":false},"author":1,"featured_media":9065,"comment_status":"closed","ping_status":"closed","sticky":false,"template":"..\/public\/views\/revslider-page-template.php","format":"standard","meta":{"rs_blank_template":"","rs_page_bg_color":"","slide_template_v7":"","footnotes":""},"categories":[125,267,259,261],"tags":[277],"class_list":["post-9176","post","type-post","status-publish","format-standard","has-post-thumbnail","hentry","category-sin-categorizar","category-dr-samir_aboul-hosn","category-implante_inmediato","category-vulkan_internal_hex","tag-clinical-case"],"yoast_head":"<!-- This site is optimized with the Yoast SEO plugin v27.5 - https:\/\/yoast.com\/product\/yoast-seo-wordpress\/ -->\n<title>Implante Inmediato post exodoncia en incisivo central inferior<\/title>\n<meta name=\"description\" content=\"Explora un estudio cl\u00ednico detallado sobre la t\u00e9cnica de implante inmediato post exodoncia en casos de incisivo central inferior y molar inferior derecho.\" \/>\n<meta name=\"robots\" content=\"index, follow, max-snippet:-1, max-image-preview:large, max-video-preview:-1\" \/>\n<link rel=\"canonical\" href=\"https:\/\/www.vulkanimplants.com\/en\/implante-inmediato-incisivo-central-molar-inferior-derecho\/\" \/>\n<meta property=\"og:locale\" content=\"en_GB\" \/>\n<meta property=\"og:type\" content=\"article\" \/>\n<meta property=\"og:title\" content=\"Implante Inmediato post exodoncia en incisivo central inferior\" \/>\n<meta property=\"og:description\" content=\"Explora un estudio cl\u00ednico detallado sobre la t\u00e9cnica de implante inmediato post exodoncia en casos de incisivo central inferior y molar inferior derecho.\" \/>\n<meta property=\"og:url\" content=\"https:\/\/www.vulkanimplants.com\/en\/implante-inmediato-incisivo-central-molar-inferior-derecho\/\" \/>\n<meta property=\"og:site_name\" content=\"Vulkan Implants\" \/>\n<meta property=\"article:publisher\" content=\"https:\/\/www.facebook.com\/VulkanImplant\/\" \/>\n<meta property=\"article:published_time\" content=\"2021-02-12T08:56:53+00:00\" \/>\n<meta property=\"article:modified_time\" content=\"2025-03-11T09:58:38+00:00\" \/>\n<meta property=\"og:image\" content=\"https:\/\/www.vulkanimplants.com\/wp-content\/uploads\/2021\/02\/Portada-Web-VK202111.jpg\" \/>\n\t<meta property=\"og:image:width\" content=\"494\" \/>\n\t<meta property=\"og:image:height\" content=\"366\" \/>\n\t<meta property=\"og:image:type\" content=\"image\/jpeg\" \/>\n<meta name=\"author\" content=\"Sergi\" \/>\n<meta name=\"twitter:card\" content=\"summary_large_image\" \/>\n<meta name=\"twitter:label1\" content=\"Written by\" \/>\n\t<meta name=\"twitter:data1\" content=\"Sergi\" \/>\n\t<meta name=\"twitter:label2\" content=\"Estimated reading time\" \/>\n\t<meta name=\"twitter:data2\" content=\"1 minute\" \/>\n<script type=\"application\/ld+json\" class=\"yoast-schema-graph\">{\"@context\":\"https:\\\/\\\/schema.org\",\"@graph\":[{\"@type\":\"Article\",\"@id\":\"https:\\\/\\\/www.vulkanimplants.com\\\/implante-inmediato-incisivo-central-molar-inferior-derecho\\\/#article\",\"isPartOf\":{\"@id\":\"https:\\\/\\\/www.vulkanimplants.com\\\/implante-inmediato-incisivo-central-molar-inferior-derecho\\\/\"},\"author\":{\"name\":\"Sergi\",\"@id\":\"https:\\\/\\\/www.vulkanimplants.com\\\/#\\\/schema\\\/person\\\/1de840b32d1a30e4b183bedb7ee8d3b6\"},\"headline\":\"Implante Inmediato post exodoncia en incisivo central inferior y en molar inferior derecho VK202111\",\"datePublished\":\"2021-02-12T08:56:53+00:00\",\"dateModified\":\"2025-03-11T09:58:38+00:00\",\"mainEntityOfPage\":{\"@id\":\"https:\\\/\\\/www.vulkanimplants.com\\\/implante-inmediato-incisivo-central-molar-inferior-derecho\\\/\"},\"wordCount\":390,\"publisher\":{\"@id\":\"https:\\\/\\\/www.vulkanimplants.com\\\/#organization\"},\"image\":{\"@id\":\"https:\\\/\\\/www.vulkanimplants.com\\\/implante-inmediato-incisivo-central-molar-inferior-derecho\\\/#primaryimage\"},\"thumbnailUrl\":\"https:\\\/\\\/www.vulkanimplants.com\\\/wp-content\\\/uploads\\\/2021\\\/02\\\/Portada-Web-VK202111.jpg\",\"keywords\":[\"Clinical Case\"],\"articleSection\":[\"Dr. Samir Aboul-Hosn\",\"Dr. Samir Aboul-Hosn\",\"Implante Inmediato\",\"Vulkan\u00ae Internal Hex\"],\"inLanguage\":\"en-GB\"},{\"@type\":\"WebPage\",\"@id\":\"https:\\\/\\\/www.vulkanimplants.com\\\/implante-inmediato-incisivo-central-molar-inferior-derecho\\\/\",\"url\":\"https:\\\/\\\/www.vulkanimplants.com\\\/implante-inmediato-incisivo-central-molar-inferior-derecho\\\/\",\"name\":\"Implante Inmediato post exodoncia en incisivo central inferior\",\"isPartOf\":{\"@id\":\"https:\\\/\\\/www.vulkanimplants.com\\\/#website\"},\"primaryImageOfPage\":{\"@id\":\"https:\\\/\\\/www.vulkanimplants.com\\\/implante-inmediato-incisivo-central-molar-inferior-derecho\\\/#primaryimage\"},\"image\":{\"@id\":\"https:\\\/\\\/www.vulkanimplants.com\\\/implante-inmediato-incisivo-central-molar-inferior-derecho\\\/#primaryimage\"},\"thumbnailUrl\":\"https:\\\/\\\/www.vulkanimplants.com\\\/wp-content\\\/uploads\\\/2021\\\/02\\\/Portada-Web-VK202111.jpg\",\"datePublished\":\"2021-02-12T08:56:53+00:00\",\"dateModified\":\"2025-03-11T09:58:38+00:00\",\"description\":\"Explora un estudio cl\u00ednico detallado sobre la t\u00e9cnica de implante inmediato post exodoncia en casos de incisivo central inferior y molar inferior derecho.\",\"breadcrumb\":{\"@id\":\"https:\\\/\\\/www.vulkanimplants.com\\\/implante-inmediato-incisivo-central-molar-inferior-derecho\\\/#breadcrumb\"},\"inLanguage\":\"en-GB\",\"potentialAction\":[{\"@type\":\"ReadAction\",\"target\":[\"https:\\\/\\\/www.vulkanimplants.com\\\/implante-inmediato-incisivo-central-molar-inferior-derecho\\\/\"]}]},{\"@type\":\"ImageObject\",\"inLanguage\":\"en-GB\",\"@id\":\"https:\\\/\\\/www.vulkanimplants.com\\\/implante-inmediato-incisivo-central-molar-inferior-derecho\\\/#primaryimage\",\"url\":\"https:\\\/\\\/www.vulkanimplants.com\\\/wp-content\\\/uploads\\\/2021\\\/02\\\/Portada-Web-VK202111.jpg\",\"contentUrl\":\"https:\\\/\\\/www.vulkanimplants.com\\\/wp-content\\\/uploads\\\/2021\\\/02\\\/Portada-Web-VK202111.jpg\",\"width\":494,\"height\":366},{\"@type\":\"BreadcrumbList\",\"@id\":\"https:\\\/\\\/www.vulkanimplants.com\\\/implante-inmediato-incisivo-central-molar-inferior-derecho\\\/#breadcrumb\",\"itemListElement\":[{\"@type\":\"ListItem\",\"position\":1,\"name\":\"Inici\",\"item\":\"https:\\\/\\\/www.vulkanimplants.com\\\/\"},{\"@type\":\"ListItem\",\"position\":2,\"name\":\"Implante Inmediato post exodoncia en incisivo central inferior y en molar inferior derecho VK202111\"}]},{\"@type\":\"WebSite\",\"@id\":\"https:\\\/\\\/www.vulkanimplants.com\\\/#website\",\"url\":\"https:\\\/\\\/www.vulkanimplants.com\\\/\",\"name\":\"https:\\\/\\\/www.vulkanimplants.com\\\/\",\"description\":\"Vulkan Implants - High quality dental implants brand and guided surgery platform\",\"publisher\":{\"@id\":\"https:\\\/\\\/www.vulkanimplants.com\\\/#organization\"},\"alternateName\":\"Vulkan Implants\",\"potentialAction\":[{\"@type\":\"SearchAction\",\"target\":{\"@type\":\"EntryPoint\",\"urlTemplate\":\"https:\\\/\\\/www.vulkanimplants.com\\\/?s={search_term_string}\"},\"query-input\":{\"@type\":\"PropertyValueSpecification\",\"valueRequired\":true,\"valueName\":\"search_term_string\"}}],\"inLanguage\":\"en-GB\"},{\"@type\":\"Organization\",\"@id\":\"https:\\\/\\\/www.vulkanimplants.com\\\/#organization\",\"name\":\"Vulkan Implants\",\"alternateName\":\"Vulkan\",\"url\":\"https:\\\/\\\/www.vulkanimplants.com\\\/\",\"logo\":{\"@type\":\"ImageObject\",\"inLanguage\":\"en-GB\",\"@id\":\"https:\\\/\\\/www.vulkanimplants.com\\\/#\\\/schema\\\/logo\\\/image\\\/\",\"url\":\"https:\\\/\\\/www.vulkanimplants.com\\\/wp-content\\\/uploads\\\/2023\\\/12\\\/Vulkan-Implants-Logo-White-Orange-only-logo.png\",\"contentUrl\":\"https:\\\/\\\/www.vulkanimplants.com\\\/wp-content\\\/uploads\\\/2023\\\/12\\\/Vulkan-Implants-Logo-White-Orange-only-logo.png\",\"width\":369,\"height\":277,\"caption\":\"Vulkan Implants\"},\"image\":{\"@id\":\"https:\\\/\\\/www.vulkanimplants.com\\\/#\\\/schema\\\/logo\\\/image\\\/\"},\"sameAs\":[\"https:\\\/\\\/www.facebook.com\\\/VulkanImplant\\\/\",\"https:\\\/\\\/www.instagram.com\\\/vulkan_implants\\\/\"]},{\"@type\":\"Person\",\"@id\":\"https:\\\/\\\/www.vulkanimplants.com\\\/#\\\/schema\\\/person\\\/1de840b32d1a30e4b183bedb7ee8d3b6\",\"name\":\"Sergi\",\"image\":{\"@type\":\"ImageObject\",\"inLanguage\":\"en-GB\",\"@id\":\"https:\\\/\\\/secure.gravatar.com\\\/avatar\\\/78459bce4cb1e11ce13c584aa4eab950b73957cf871a960a43fa4261e56858b2?s=96&d=mm&r=g\",\"url\":\"https:\\\/\\\/secure.gravatar.com\\\/avatar\\\/78459bce4cb1e11ce13c584aa4eab950b73957cf871a960a43fa4261e56858b2?s=96&d=mm&r=g\",\"contentUrl\":\"https:\\\/\\\/secure.gravatar.com\\\/avatar\\\/78459bce4cb1e11ce13c584aa4eab950b73957cf871a960a43fa4261e56858b2?s=96&d=mm&r=g\",\"caption\":\"Sergi\"},\"url\":\"https:\\\/\\\/www.vulkanimplants.com\\\/en\\\/author\\\/administradorweb\\\/\"}]}<\/script>\n<!-- \/ Yoast SEO plugin. -->","yoast_head_json":{"title":"Implante Inmediato post exodoncia en incisivo central inferior","description":"Explora un estudio cl\u00ednico detallado sobre la t\u00e9cnica de implante inmediato post exodoncia en casos de incisivo central inferior y molar inferior derecho.","robots":{"index":"index","follow":"follow","max-snippet":"max-snippet:-1","max-image-preview":"max-image-preview:large","max-video-preview":"max-video-preview:-1"},"canonical":"https:\/\/www.vulkanimplants.com\/en\/implante-inmediato-incisivo-central-molar-inferior-derecho\/","og_locale":"en_GB","og_type":"article","og_title":"Implante Inmediato post exodoncia en incisivo central inferior","og_description":"Explora un estudio cl\u00ednico detallado sobre la t\u00e9cnica de implante inmediato post exodoncia en casos de incisivo central inferior y molar inferior derecho.","og_url":"https:\/\/www.vulkanimplants.com\/en\/implante-inmediato-incisivo-central-molar-inferior-derecho\/","og_site_name":"Vulkan Implants","article_publisher":"https:\/\/www.facebook.com\/VulkanImplant\/","article_published_time":"2021-02-12T08:56:53+00:00","article_modified_time":"2025-03-11T09:58:38+00:00","og_image":[{"width":494,"height":366,"url":"https:\/\/www.vulkanimplants.com\/wp-content\/uploads\/2021\/02\/Portada-Web-VK202111.jpg","type":"image\/jpeg"}],"author":"Sergi","twitter_card":"summary_large_image","twitter_misc":{"Written by":"Sergi","Estimated reading time":"1 minute"},"schema":{"@context":"https:\/\/schema.org","@graph":[{"@type":"Article","@id":"https:\/\/www.vulkanimplants.com\/implante-inmediato-incisivo-central-molar-inferior-derecho\/#article","isPartOf":{"@id":"https:\/\/www.vulkanimplants.com\/implante-inmediato-incisivo-central-molar-inferior-derecho\/"},"author":{"name":"Sergi","@id":"https:\/\/www.vulkanimplants.com\/#\/schema\/person\/1de840b32d1a30e4b183bedb7ee8d3b6"},"headline":"Implante Inmediato post exodoncia en incisivo central inferior y en molar inferior derecho VK202111","datePublished":"2021-02-12T08:56:53+00:00","dateModified":"2025-03-11T09:58:38+00:00","mainEntityOfPage":{"@id":"https:\/\/www.vulkanimplants.com\/implante-inmediato-incisivo-central-molar-inferior-derecho\/"},"wordCount":390,"publisher":{"@id":"https:\/\/www.vulkanimplants.com\/#organization"},"image":{"@id":"https:\/\/www.vulkanimplants.com\/implante-inmediato-incisivo-central-molar-inferior-derecho\/#primaryimage"},"thumbnailUrl":"https:\/\/www.vulkanimplants.com\/wp-content\/uploads\/2021\/02\/Portada-Web-VK202111.jpg","keywords":["Clinical Case"],"articleSection":["Dr. Samir Aboul-Hosn","Dr. Samir Aboul-Hosn","Implante Inmediato","Vulkan\u00ae Internal Hex"],"inLanguage":"en-GB"},{"@type":"WebPage","@id":"https:\/\/www.vulkanimplants.com\/implante-inmediato-incisivo-central-molar-inferior-derecho\/","url":"https:\/\/www.vulkanimplants.com\/implante-inmediato-incisivo-central-molar-inferior-derecho\/","name":"Implante Inmediato post exodoncia en incisivo central inferior","isPartOf":{"@id":"https:\/\/www.vulkanimplants.com\/#website"},"primaryImageOfPage":{"@id":"https:\/\/www.vulkanimplants.com\/implante-inmediato-incisivo-central-molar-inferior-derecho\/#primaryimage"},"image":{"@id":"https:\/\/www.vulkanimplants.com\/implante-inmediato-incisivo-central-molar-inferior-derecho\/#primaryimage"},"thumbnailUrl":"https:\/\/www.vulkanimplants.com\/wp-content\/uploads\/2021\/02\/Portada-Web-VK202111.jpg","datePublished":"2021-02-12T08:56:53+00:00","dateModified":"2025-03-11T09:58:38+00:00","description":"Explora un estudio cl\u00ednico detallado sobre la t\u00e9cnica de implante inmediato post exodoncia en casos de incisivo central inferior y molar inferior derecho.","breadcrumb":{"@id":"https:\/\/www.vulkanimplants.com\/implante-inmediato-incisivo-central-molar-inferior-derecho\/#breadcrumb"},"inLanguage":"en-GB","potentialAction":[{"@type":"ReadAction","target":["https:\/\/www.vulkanimplants.com\/implante-inmediato-incisivo-central-molar-inferior-derecho\/"]}]},{"@type":"ImageObject","inLanguage":"en-GB","@id":"https:\/\/www.vulkanimplants.com\/implante-inmediato-incisivo-central-molar-inferior-derecho\/#primaryimage","url":"https:\/\/www.vulkanimplants.com\/wp-content\/uploads\/2021\/02\/Portada-Web-VK202111.jpg","contentUrl":"https:\/\/www.vulkanimplants.com\/wp-content\/uploads\/2021\/02\/Portada-Web-VK202111.jpg","width":494,"height":366},{"@type":"BreadcrumbList","@id":"https:\/\/www.vulkanimplants.com\/implante-inmediato-incisivo-central-molar-inferior-derecho\/#breadcrumb","itemListElement":[{"@type":"ListItem","position":1,"name":"Inici","item":"https:\/\/www.vulkanimplants.com\/"},{"@type":"ListItem","position":2,"name":"Implante Inmediato post exodoncia en incisivo central inferior y en molar inferior derecho VK202111"}]},{"@type":"WebSite","@id":"https:\/\/www.vulkanimplants.com\/#website","url":"https:\/\/www.vulkanimplants.com\/","name":"https:\/\/www.vulkanimplants.com\/","description":"Vulkan Implants - High quality dental implants brand and guided surgery platform","publisher":{"@id":"https:\/\/www.vulkanimplants.com\/#organization"},"alternateName":"Vulkan Implants","potentialAction":[{"@type":"SearchAction","target":{"@type":"EntryPoint","urlTemplate":"https:\/\/www.vulkanimplants.com\/?s={search_term_string}"},"query-input":{"@type":"PropertyValueSpecification","valueRequired":true,"valueName":"search_term_string"}}],"inLanguage":"en-GB"},{"@type":"Organization","@id":"https:\/\/www.vulkanimplants.com\/#organization","name":"Vulkan Implants","alternateName":"Vulkan","url":"https:\/\/www.vulkanimplants.com\/","logo":{"@type":"ImageObject","inLanguage":"en-GB","@id":"https:\/\/www.vulkanimplants.com\/#\/schema\/logo\/image\/","url":"https:\/\/www.vulkanimplants.com\/wp-content\/uploads\/2023\/12\/Vulkan-Implants-Logo-White-Orange-only-logo.png","contentUrl":"https:\/\/www.vulkanimplants.com\/wp-content\/uploads\/2023\/12\/Vulkan-Implants-Logo-White-Orange-only-logo.png","width":369,"height":277,"caption":"Vulkan Implants"},"image":{"@id":"https:\/\/www.vulkanimplants.com\/#\/schema\/logo\/image\/"},"sameAs":["https:\/\/www.facebook.com\/VulkanImplant\/","https:\/\/www.instagram.com\/vulkan_implants\/"]},{"@type":"Person","@id":"https:\/\/www.vulkanimplants.com\/#\/schema\/person\/1de840b32d1a30e4b183bedb7ee8d3b6","name":"Sergi","image":{"@type":"ImageObject","inLanguage":"en-GB","@id":"https:\/\/secure.gravatar.com\/avatar\/78459bce4cb1e11ce13c584aa4eab950b73957cf871a960a43fa4261e56858b2?s=96&d=mm&r=g","url":"https:\/\/secure.gravatar.com\/avatar\/78459bce4cb1e11ce13c584aa4eab950b73957cf871a960a43fa4261e56858b2?s=96&d=mm&r=g","contentUrl":"https:\/\/secure.gravatar.com\/avatar\/78459bce4cb1e11ce13c584aa4eab950b73957cf871a960a43fa4261e56858b2?s=96&d=mm&r=g","caption":"Sergi"},"url":"https:\/\/www.vulkanimplants.com\/en\/author\/administradorweb\/"}]}},"_links":{"self":[{"href":"https:\/\/www.vulkanimplants.com\/en\/wp-json\/wp\/v2\/posts\/9176","targetHints":{"allow":["GET"]}}],"collection":[{"href":"https:\/\/www.vulkanimplants.com\/en\/wp-json\/wp\/v2\/posts"}],"about":[{"href":"https:\/\/www.vulkanimplants.com\/en\/wp-json\/wp\/v2\/types\/post"}],"author":[{"embeddable":true,"href":"https:\/\/www.vulkanimplants.com\/en\/wp-json\/wp\/v2\/users\/1"}],"replies":[{"embeddable":true,"href":"https:\/\/www.vulkanimplants.com\/en\/wp-json\/wp\/v2\/comments?post=9176"}],"version-history":[{"count":10,"href":"https:\/\/www.vulkanimplants.com\/en\/wp-json\/wp\/v2\/posts\/9176\/revisions"}],"predecessor-version":[{"id":16476,"href":"https:\/\/www.vulkanimplants.com\/en\/wp-json\/wp\/v2\/posts\/9176\/revisions\/16476"}],"wp:featuredmedia":[{"embeddable":true,"href":"https:\/\/www.vulkanimplants.com\/en\/wp-json\/wp\/v2\/media\/9065"}],"wp:attachment":[{"href":"https:\/\/www.vulkanimplants.com\/en\/wp-json\/wp\/v2\/media?parent=9176"}],"wp:term":[{"taxonomy":"category","embeddable":true,"href":"https:\/\/www.vulkanimplants.com\/en\/wp-json\/wp\/v2\/categories?post=9176"},{"taxonomy":"post_tag","embeddable":true,"href":"https:\/\/www.vulkanimplants.com\/en\/wp-json\/wp\/v2\/tags?post=9176"}],"curies":[{"name":"wp","href":"https:\/\/api.w.org\/{rel}","templated":true}]}}